{"id":2840,"date":"2024-04-10T08:43:52","date_gmt":"2024-04-10T06:43:52","guid":{"rendered":"https:\/\/bedminton.eu\/?p=2840"},"modified":"2024-04-10T08:43:52","modified_gmt":"2024-04-10T06:43:52","slug":"nelka-na-prvom-mieste-v-slovenskom-rebricku-u19-k-8-4-2024","status":"publish","type":"post","link":"https:\/\/bedminton.eu\/?p=2840","title":{"rendered":"Nelka na prvom mieste v Slovenskom rebr\u00ed\u010dku U19 k 8.4.2024"},"content":{"rendered":"\n<p>Ve\u013ek\u00fd \u00faspech dosiahla \u010dlenka n\u00e1\u0161ho klubu Nela \u0160tepitov\u00e1, ktor\u00e1 v celoslovenskom rebr\u00ed\u010dku U19 dvojhra \u017eeny k 8.4.2024 post\u00fapila na prv\u00e9 miesto s 2300 bodmi.<\/p>\n\n\n\n<figure class=\"wp-block-image size-large\"><img loading=\"lazy\" decoding=\"async\" width=\"1024\" height=\"317\" src=\"https:\/\/bedminton.eu\/wp-content\/uploads\/2024\/04\/image-1024x317.png\" alt=\"\" class=\"wp-image-2841\" srcset=\"https:\/\/bedminton.eu\/wp-content\/uploads\/2024\/04\/image-1024x317.png 1024w, https:\/\/bedminton.eu\/wp-content\/uploads\/2024\/04\/image-300x93.png 300w, https:\/\/bedminton.eu\/wp-content\/uploads\/2024\/04\/image-768x237.png 768w, https:\/\/bedminton.eu\/wp-content\/uploads\/2024\/04\/image-1536x475.png 1536w, https:\/\/bedminton.eu\/wp-content\/uploads\/2024\/04\/image.png 1766w\" sizes=\"auto, (max-width: 1024px) 100vw, 1024px\" \/><\/figure>\n\n\n\n<p>Nelke k tomuto \u00faspechu blaho\u017eel\u00e1me a prajeme, aby sa tam udr\u017eala \u010do najdlh\u0161ie.<\/p>\n\n\n\n<figure class=\"wp-block-image size-full\"><img loading=\"lazy\" decoding=\"async\" width=\"690\" height=\"820\" src=\"https:\/\/bedminton.eu\/wp-content\/uploads\/2024\/04\/image-1.png\" alt=\"\" class=\"wp-image-2842\" srcset=\"https:\/\/bedminton.eu\/wp-content\/uploads\/2024\/04\/image-1.png 690w, https:\/\/bedminton.eu\/wp-content\/uploads\/2024\/04\/image-1-252x300.png 252w\" sizes=\"auto, (max-width: 690px) 100vw, 690px\" \/><\/figure>\n\n\n\n<p><\/p>\n","protected":false},"excerpt":{"rendered":"<p>Ve\u013ek\u00fd \u00faspech dosiahla \u010dlenka n\u00e1\u0161ho klubu Nela \u0160tepitov\u00e1, ktor\u00e1 v celoslovenskom rebr\u00ed\u010dku U19 dvojhra \u017eeny k 8.4.2024 post\u00fapila na prv\u00e9 miesto s 2300 bodmi. Nelke k tomuto \u00faspechu blaho\u017eel\u00e1me a prajeme, aby sa tam udr\u017eala \u010do najdlh\u0161ie.<\/p>\n","protected":false},"author":1,"featured_media":0,"comment_status":"closed","ping_status":"closed","sticky":false,"template":"","format":"standard","meta":{"ngg_post_thumbnail":0,"footnotes":""},"categories":[1],"tags":[],"class_list":["post-2840","post","type-post","status-publish","format-standard","hentry","category-nezaradene"],"_links":{"self":[{"href":"https:\/\/bedminton.eu\/index.php?rest_route=\/wp\/v2\/posts\/2840","targetHints":{"allow":["GET"]}}],"collection":[{"href":"https:\/\/bedminton.eu\/index.php?rest_route=\/wp\/v2\/posts"}],"about":[{"href":"https:\/\/bedminton.eu\/index.php?rest_route=\/wp\/v2\/types\/post"}],"author":[{"embeddable":true,"href":"https:\/\/bedminton.eu\/index.php?rest_route=\/wp\/v2\/users\/1"}],"replies":[{"embeddable":true,"href":"https:\/\/bedminton.eu\/index.php?rest_route=%2Fwp%2Fv2%2Fcomments&post=2840"}],"version-history":[{"count":1,"href":"https:\/\/bedminton.eu\/index.php?rest_route=\/wp\/v2\/posts\/2840\/revisions"}],"predecessor-version":[{"id":2843,"href":"https:\/\/bedminton.eu\/index.php?rest_route=\/wp\/v2\/posts\/2840\/revisions\/2843"}],"wp:attachment":[{"href":"https:\/\/bedminton.eu\/index.php?rest_route=%2Fwp%2Fv2%2Fmedia&parent=2840"}],"wp:term":[{"taxonomy":"category","embeddable":true,"href":"https:\/\/bedminton.eu\/index.php?rest_route=%2Fwp%2Fv2%2Fcategories&post=2840"},{"taxonomy":"post_tag","embeddable":true,"href":"https:\/\/bedminton.eu\/index.php?rest_route=%2Fwp%2Fv2%2Ftags&post=2840"}],"curies":[{"name":"wp","href":"https:\/\/api.w.org\/{rel}","templated":true}]}}